{"id":14293,"date":"2022-10-03T10:55:08","date_gmt":"2022-10-03T10:55:08","guid":{"rendered":"https:\/\/fundacionprodis.org\/?p=14293"},"modified":"2023-06-27T10:55:29","modified_gmt":"2023-06-27T10:55:29","slug":"la-fundacion-prodis-y-uci-impulsan-un-programa-de-educacion-financiera-inclusiva-para-personas-con-discapacidad-intelectual","status":"publish","type":"post","link":"https:\/\/fundacionprodis.org\/en\/la-fundacion-prodis-y-uci-impulsan-un-programa-de-educacion-financiera-inclusiva-para-personas-con-discapacidad-intelectual\/","title":{"rendered":"La Fundaci\u00f3n Prodis y UCI impulsan un programa de educaci\u00f3n financiera inclusiva para personas con discapacidad intelectual"},"content":{"rendered":"<p>Para la Fundaci\u00f3n Prodis, es fundamental conseguir a trav\u00e9s de la formaci\u00f3n una inclusi\u00f3n real de las personas con discapacidad intelectual. Por ello, con motivo del D\u00eda de la Educaci\u00f3n Financiera, impulsa junto la entidad financiera UCI, Uni\u00f3n de Cr\u00e9ditos Inmobiliarios, un programa de Educaci\u00f3n Financiera INclusiva para personas con discapacidad intelectual.<\/p>\n<p>Dicha iniciativa, destinada a los alumnos de la Fundaci\u00f3n Prodis, tiene como prop\u00f3sito acercar la educaci\u00f3n financiera al colectivo de personas con discapacidad intelectual para que \u00e9stas adquieran <strong>nociones b\u00e1sicas <\/strong>para desenvolverse ante determinadas situaciones de su vida diaria.<\/p>\n<p>A lo largo de las sesiones del curso se tratar\u00e1n cuestiones financieras b\u00e1sicas a trav\u00e9s de una situaci\u00f3n reconocible para los alumnos, en las que podr\u00e1n identificar el valor de las cosas, aprender a gestionar el dinero y elaborar un presupuesto, promover el consumo responsable y evitar el sobreendeudamiento, saber c\u00f3mo realizar compras y gestiones online seguras, estar alerta de delitos en internet, conocer c\u00f3mo proteger los dispositivos y tener en cuenta c\u00f3mo puede ayudar el sector inmobiliario en diferentes cuestiones relacionadas con el acceso a la vivienda.<\/p>\n<p>Este programa nace del compromiso de UCI con la Fundaci\u00f3n Prodis para contribuir a la formaci\u00f3n e inclusi\u00f3n laboral de las personas con discapacidad intelectual. En este caso en el campo de la educaci\u00f3n financiera para acercar y hacer m\u00e1s accesibles los conceptos financieros b\u00e1sicos a los alumnos de la Fundaci\u00f3n, fomentar su autonom\u00eda, seguridad y confianza, as\u00ed como para ayudar a sus familias.<\/p>\n<p>Se trata, adem\u00e1s, de un proyecto de colaboraci\u00f3n continua entre el equipo de voluntarios de UCI, que ha desarrollado el programa, y los profesionales de la Fundaci\u00f3n Prodis para dise\u00f1ar unos contenidos adecuados y adaptados a la realidad de los alumnos de la Fundaci\u00f3n.<\/p>\n<p>Desde la Fundaci\u00f3n Prodis, agradecemos a UCI el gran apoyo que nos ofrece de manera constante y que nos impulsa para seguir cumpliendo nuestra misi\u00f3n.<\/p>\n","protected":false},"excerpt":{"rendered":"<p>Para la Fundaci\u00f3n Prodis, es fundamental conseguir a trav\u00e9s de la formaci\u00f3n una inclusi\u00f3n real de las personas con discapacidad intelectual. Por ello, con motivo del D\u00eda de la Educaci\u00f3n Financiera, impulsa junto la entidad financiera UCI, Uni\u00f3n de Cr\u00e9ditos Inmobiliarios, un programa de Educaci\u00f3n Financiera INclusiva para personas con discapacidad intelectual. Dicha iniciativa, destinada [&hellip;]<\/p>\n","protected":false},"author":7,"featured_media":0,"comment_status":"open","ping_status":"open","sticky":false,"template":"","format":"standard","meta":{"_acf_changed":false,"inline_featured_image":false,"footnotes":""},"categories":[1],"tags":[],"class_list":["post-14293","post","type-post","status-publish","format-standard","hentry","category-sin-categorizar"],"acf":[],"yoast_head":"<!-- This site is optimized with the Yoast SEO plugin v27.5 - https:\/\/yoast.com\/product\/yoast-seo-wordpress\/ -->\n<title>La Fundaci\u00f3n Prodis y UCI impulsan un programa de educaci\u00f3n financiera inclusiva para personas con discapacidad intelectual - Fundaci\u00f3n Prodis<\/title>\n<meta name=\"robots\" content=\"index, follow, max-snippet:-1, max-image-preview:large, max-video-preview:-1\" \/>\n<link rel=\"canonical\" href=\"https:\/\/fundacionprodis.org\/en\/la-fundacion-prodis-y-uci-impulsan-un-programa-de-educacion-financiera-inclusiva-para-personas-con-discapacidad-intelectual\/\" \/>\n<meta property=\"og:locale\" content=\"en_US\" \/>\n<meta property=\"og:type\" content=\"article\" \/>\n<meta property=\"og:title\" content=\"La Fundaci\u00f3n Prodis y UCI impulsan un programa de educaci\u00f3n financiera inclusiva para personas con discapacidad intelectual - Fundaci\u00f3n Prodis\" \/>\n<meta property=\"og:description\" content=\"Para la Fundaci\u00f3n Prodis, es fundamental conseguir a trav\u00e9s de la formaci\u00f3n una inclusi\u00f3n real de las personas con discapacidad intelectual. Por ello, con motivo del D\u00eda de la Educaci\u00f3n Financiera, impulsa junto la entidad financiera UCI, Uni\u00f3n de Cr\u00e9ditos Inmobiliarios, un programa de Educaci\u00f3n Financiera INclusiva para personas con discapacidad intelectual. Dicha iniciativa, destinada [&hellip;]\" \/>\n<meta property=\"og:url\" content=\"https:\/\/fundacionprodis.org\/en\/la-fundacion-prodis-y-uci-impulsan-un-programa-de-educacion-financiera-inclusiva-para-personas-con-discapacidad-intelectual\/\" \/>\n<meta property=\"og:site_name\" content=\"Fundaci\u00f3n Prodis\" \/>\n<meta property=\"article:publisher\" content=\"https:\/\/www.facebook.com\/FundacionProdis\" \/>\n<meta property=\"article:published_time\" content=\"2022-10-03T10:55:08+00:00\" \/>\n<meta property=\"article:modified_time\" content=\"2023-06-27T10:55:29+00:00\" \/>\n<meta name=\"author\" content=\"Raul Mecina\" \/>\n<meta name=\"twitter:card\" content=\"summary_large_image\" \/>\n<meta name=\"twitter:creator\" content=\"@fundacionprodis\" \/>\n<meta name=\"twitter:site\" content=\"@fundacionprodis\" \/>\n<meta name=\"twitter:label1\" content=\"Written by\" \/>\n\t<meta name=\"twitter:data1\" content=\"Raul Mecina\" \/>\n\t<meta name=\"twitter:label2\" content=\"Est. reading time\" \/>\n\t<meta name=\"twitter:data2\" content=\"2 minutes\" \/>\n<script type=\"application\/ld+json\" class=\"yoast-schema-graph\">{\"@context\":\"https:\\\/\\\/schema.org\",\"@graph\":[{\"@type\":\"Article\",\"@id\":\"https:\\\/\\\/fundacionprodis.org\\\/en\\\/la-fundacion-prodis-y-uci-impulsan-un-programa-de-educacion-financiera-inclusiva-para-personas-con-discapacidad-intelectual\\\/#article\",\"isPartOf\":{\"@id\":\"https:\\\/\\\/fundacionprodis.org\\\/en\\\/la-fundacion-prodis-y-uci-impulsan-un-programa-de-educacion-financiera-inclusiva-para-personas-con-discapacidad-intelectual\\\/\"},\"author\":{\"name\":\"Raul Mecina\",\"@id\":\"https:\\\/\\\/fundacionprodis.org\\\/en\\\/#\\\/schema\\\/person\\\/fdd9a58427edb57c57efb80b04085ca9\"},\"headline\":\"La Fundaci\u00f3n Prodis y UCI impulsan un programa de educaci\u00f3n financiera inclusiva para personas con discapacidad intelectual\",\"datePublished\":\"2022-10-03T10:55:08+00:00\",\"dateModified\":\"2023-06-27T10:55:29+00:00\",\"mainEntityOfPage\":{\"@id\":\"https:\\\/\\\/fundacionprodis.org\\\/en\\\/la-fundacion-prodis-y-uci-impulsan-un-programa-de-educacion-financiera-inclusiva-para-personas-con-discapacidad-intelectual\\\/\"},\"wordCount\":367,\"commentCount\":0,\"publisher\":{\"@id\":\"https:\\\/\\\/fundacionprodis.org\\\/en\\\/#organization\"},\"articleSection\":[\"Sin categorizar\"],\"inLanguage\":\"en-US\",\"potentialAction\":[{\"@type\":\"CommentAction\",\"name\":\"Comment\",\"target\":[\"https:\\\/\\\/fundacionprodis.org\\\/en\\\/la-fundacion-prodis-y-uci-impulsan-un-programa-de-educacion-financiera-inclusiva-para-personas-con-discapacidad-intelectual\\\/#respond\"]}]},{\"@type\":\"WebPage\",\"@id\":\"https:\\\/\\\/fundacionprodis.org\\\/en\\\/la-fundacion-prodis-y-uci-impulsan-un-programa-de-educacion-financiera-inclusiva-para-personas-con-discapacidad-intelectual\\\/\",\"url\":\"https:\\\/\\\/fundacionprodis.org\\\/en\\\/la-fundacion-prodis-y-uci-impulsan-un-programa-de-educacion-financiera-inclusiva-para-personas-con-discapacidad-intelectual\\\/\",\"name\":\"La Fundaci\u00f3n Prodis y UCI impulsan un programa de educaci\u00f3n financiera inclusiva para personas con discapacidad intelectual - Fundaci\u00f3n Prodis\",\"isPartOf\":{\"@id\":\"https:\\\/\\\/fundacionprodis.org\\\/en\\\/#website\"},\"datePublished\":\"2022-10-03T10:55:08+00:00\",\"dateModified\":\"2023-06-27T10:55:29+00:00\",\"breadcrumb\":{\"@id\":\"https:\\\/\\\/fundacionprodis.org\\\/en\\\/la-fundacion-prodis-y-uci-impulsan-un-programa-de-educacion-financiera-inclusiva-para-personas-con-discapacidad-intelectual\\\/#breadcrumb\"},\"inLanguage\":\"en-US\",\"potentialAction\":[{\"@type\":\"ReadAction\",\"target\":[\"https:\\\/\\\/fundacionprodis.org\\\/en\\\/la-fundacion-prodis-y-uci-impulsan-un-programa-de-educacion-financiera-inclusiva-para-personas-con-discapacidad-intelectual\\\/\"]}]},{\"@type\":\"BreadcrumbList\",\"@id\":\"https:\\\/\\\/fundacionprodis.org\\\/en\\\/la-fundacion-prodis-y-uci-impulsan-un-programa-de-educacion-financiera-inclusiva-para-personas-con-discapacidad-intelectual\\\/#breadcrumb\",\"itemListElement\":[{\"@type\":\"ListItem\",\"position\":1,\"name\":\"Portada\",\"item\":\"https:\\\/\\\/fundacionprodis.org\\\/en\\\/home\\\/\"},{\"@type\":\"ListItem\",\"position\":2,\"name\":\"La Fundaci\u00f3n Prodis y UCI impulsan un programa de educaci\u00f3n financiera inclusiva para personas con discapacidad intelectual\"}]},{\"@type\":\"WebSite\",\"@id\":\"https:\\\/\\\/fundacionprodis.org\\\/en\\\/#website\",\"url\":\"https:\\\/\\\/fundacionprodis.org\\\/en\\\/\",\"name\":\"Fundaci\u00f3n Prodis\",\"description\":\"\",\"publisher\":{\"@id\":\"https:\\\/\\\/fundacionprodis.org\\\/en\\\/#organization\"},\"potentialAction\":[{\"@type\":\"SearchAction\",\"target\":{\"@type\":\"EntryPoint\",\"urlTemplate\":\"https:\\\/\\\/fundacionprodis.org\\\/en\\\/?s={search_term_string}\"},\"query-input\":{\"@type\":\"PropertyValueSpecification\",\"valueRequired\":true,\"valueName\":\"search_term_string\"}}],\"inLanguage\":\"en-US\"},{\"@type\":\"Organization\",\"@id\":\"https:\\\/\\\/fundacionprodis.org\\\/en\\\/#organization\",\"name\":\"Fundaci\u00f3n Prodis\",\"url\":\"https:\\\/\\\/fundacionprodis.org\\\/en\\\/\",\"logo\":{\"@type\":\"ImageObject\",\"inLanguage\":\"en-US\",\"@id\":\"https:\\\/\\\/fundacionprodis.org\\\/en\\\/#\\\/schema\\\/logo\\\/image\\\/\",\"url\":\"https:\\\/\\\/fundacionprodis.org\\\/wp-content\\\/uploads\\\/2023\\\/05\\\/fundacion-prodis.svg\",\"contentUrl\":\"https:\\\/\\\/fundacionprodis.org\\\/wp-content\\\/uploads\\\/2023\\\/05\\\/fundacion-prodis.svg\",\"width\":76,\"height\":42,\"caption\":\"Fundaci\u00f3n Prodis\"},\"image\":{\"@id\":\"https:\\\/\\\/fundacionprodis.org\\\/en\\\/#\\\/schema\\\/logo\\\/image\\\/\"},\"sameAs\":[\"https:\\\/\\\/www.facebook.com\\\/FundacionProdis\",\"https:\\\/\\\/x.com\\\/fundacionprodis\",\"https:\\\/\\\/www.instagram.com\\\/prodisfundacion\\\/\",\"https:\\\/\\\/www.linkedin.com\\\/company\\\/11094786\\\/admin\\\/\",\"https:\\\/\\\/www.youtube.com\\\/@fundacionprodis\"]},{\"@type\":\"Person\",\"@id\":\"https:\\\/\\\/fundacionprodis.org\\\/en\\\/#\\\/schema\\\/person\\\/fdd9a58427edb57c57efb80b04085ca9\",\"name\":\"Raul Mecina\",\"url\":\"https:\\\/\\\/fundacionprodis.org\\\/en\\\/author\\\/raul-mecina\\\/\"}]}<\/script>\n<!-- \/ Yoast SEO plugin. -->","yoast_head_json":{"title":"La Fundaci\u00f3n Prodis y UCI impulsan un programa de educaci\u00f3n financiera inclusiva para personas con discapacidad intelectual - Fundaci\u00f3n Prodis","robots":{"index":"index","follow":"follow","max-snippet":"max-snippet:-1","max-image-preview":"max-image-preview:large","max-video-preview":"max-video-preview:-1"},"canonical":"https:\/\/fundacionprodis.org\/en\/la-fundacion-prodis-y-uci-impulsan-un-programa-de-educacion-financiera-inclusiva-para-personas-con-discapacidad-intelectual\/","og_locale":"en_US","og_type":"article","og_title":"La Fundaci\u00f3n Prodis y UCI impulsan un programa de educaci\u00f3n financiera inclusiva para personas con discapacidad intelectual - Fundaci\u00f3n Prodis","og_description":"Para la Fundaci\u00f3n Prodis, es fundamental conseguir a trav\u00e9s de la formaci\u00f3n una inclusi\u00f3n real de las personas con discapacidad intelectual. Por ello, con motivo del D\u00eda de la Educaci\u00f3n Financiera, impulsa junto la entidad financiera UCI, Uni\u00f3n de Cr\u00e9ditos Inmobiliarios, un programa de Educaci\u00f3n Financiera INclusiva para personas con discapacidad intelectual. Dicha iniciativa, destinada [&hellip;]","og_url":"https:\/\/fundacionprodis.org\/en\/la-fundacion-prodis-y-uci-impulsan-un-programa-de-educacion-financiera-inclusiva-para-personas-con-discapacidad-intelectual\/","og_site_name":"Fundaci\u00f3n Prodis","article_publisher":"https:\/\/www.facebook.com\/FundacionProdis","article_published_time":"2022-10-03T10:55:08+00:00","article_modified_time":"2023-06-27T10:55:29+00:00","author":"Raul Mecina","twitter_card":"summary_large_image","twitter_creator":"@fundacionprodis","twitter_site":"@fundacionprodis","twitter_misc":{"Written by":"Raul Mecina","Est. reading time":"2 minutes"},"schema":{"@context":"https:\/\/schema.org","@graph":[{"@type":"Article","@id":"https:\/\/fundacionprodis.org\/en\/la-fundacion-prodis-y-uci-impulsan-un-programa-de-educacion-financiera-inclusiva-para-personas-con-discapacidad-intelectual\/#article","isPartOf":{"@id":"https:\/\/fundacionprodis.org\/en\/la-fundacion-prodis-y-uci-impulsan-un-programa-de-educacion-financiera-inclusiva-para-personas-con-discapacidad-intelectual\/"},"author":{"name":"Raul Mecina","@id":"https:\/\/fundacionprodis.org\/en\/#\/schema\/person\/fdd9a58427edb57c57efb80b04085ca9"},"headline":"La Fundaci\u00f3n Prodis y UCI impulsan un programa de educaci\u00f3n financiera inclusiva para personas con discapacidad intelectual","datePublished":"2022-10-03T10:55:08+00:00","dateModified":"2023-06-27T10:55:29+00:00","mainEntityOfPage":{"@id":"https:\/\/fundacionprodis.org\/en\/la-fundacion-prodis-y-uci-impulsan-un-programa-de-educacion-financiera-inclusiva-para-personas-con-discapacidad-intelectual\/"},"wordCount":367,"commentCount":0,"publisher":{"@id":"https:\/\/fundacionprodis.org\/en\/#organization"},"articleSection":["Sin categorizar"],"inLanguage":"en-US","potentialAction":[{"@type":"CommentAction","name":"Comment","target":["https:\/\/fundacionprodis.org\/en\/la-fundacion-prodis-y-uci-impulsan-un-programa-de-educacion-financiera-inclusiva-para-personas-con-discapacidad-intelectual\/#respond"]}]},{"@type":"WebPage","@id":"https:\/\/fundacionprodis.org\/en\/la-fundacion-prodis-y-uci-impulsan-un-programa-de-educacion-financiera-inclusiva-para-personas-con-discapacidad-intelectual\/","url":"https:\/\/fundacionprodis.org\/en\/la-fundacion-prodis-y-uci-impulsan-un-programa-de-educacion-financiera-inclusiva-para-personas-con-discapacidad-intelectual\/","name":"La Fundaci\u00f3n Prodis y UCI impulsan un programa de educaci\u00f3n financiera inclusiva para personas con discapacidad intelectual - Fundaci\u00f3n Prodis","isPartOf":{"@id":"https:\/\/fundacionprodis.org\/en\/#website"},"datePublished":"2022-10-03T10:55:08+00:00","dateModified":"2023-06-27T10:55:29+00:00","breadcrumb":{"@id":"https:\/\/fundacionprodis.org\/en\/la-fundacion-prodis-y-uci-impulsan-un-programa-de-educacion-financiera-inclusiva-para-personas-con-discapacidad-intelectual\/#breadcrumb"},"inLanguage":"en-US","potentialAction":[{"@type":"ReadAction","target":["https:\/\/fundacionprodis.org\/en\/la-fundacion-prodis-y-uci-impulsan-un-programa-de-educacion-financiera-inclusiva-para-personas-con-discapacidad-intelectual\/"]}]},{"@type":"BreadcrumbList","@id":"https:\/\/fundacionprodis.org\/en\/la-fundacion-prodis-y-uci-impulsan-un-programa-de-educacion-financiera-inclusiva-para-personas-con-discapacidad-intelectual\/#breadcrumb","itemListElement":[{"@type":"ListItem","position":1,"name":"Portada","item":"https:\/\/fundacionprodis.org\/en\/home\/"},{"@type":"ListItem","position":2,"name":"La Fundaci\u00f3n Prodis y UCI impulsan un programa de educaci\u00f3n financiera inclusiva para personas con discapacidad intelectual"}]},{"@type":"WebSite","@id":"https:\/\/fundacionprodis.org\/en\/#website","url":"https:\/\/fundacionprodis.org\/en\/","name":"Fundaci\u00f3n Prodis","description":"","publisher":{"@id":"https:\/\/fundacionprodis.org\/en\/#organization"},"potentialAction":[{"@type":"SearchAction","target":{"@type":"EntryPoint","urlTemplate":"https:\/\/fundacionprodis.org\/en\/?s={search_term_string}"},"query-input":{"@type":"PropertyValueSpecification","valueRequired":true,"valueName":"search_term_string"}}],"inLanguage":"en-US"},{"@type":"Organization","@id":"https:\/\/fundacionprodis.org\/en\/#organization","name":"Fundaci\u00f3n Prodis","url":"https:\/\/fundacionprodis.org\/en\/","logo":{"@type":"ImageObject","inLanguage":"en-US","@id":"https:\/\/fundacionprodis.org\/en\/#\/schema\/logo\/image\/","url":"https:\/\/fundacionprodis.org\/wp-content\/uploads\/2023\/05\/fundacion-prodis.svg","contentUrl":"https:\/\/fundacionprodis.org\/wp-content\/uploads\/2023\/05\/fundacion-prodis.svg","width":76,"height":42,"caption":"Fundaci\u00f3n Prodis"},"image":{"@id":"https:\/\/fundacionprodis.org\/en\/#\/schema\/logo\/image\/"},"sameAs":["https:\/\/www.facebook.com\/FundacionProdis","https:\/\/x.com\/fundacionprodis","https:\/\/www.instagram.com\/prodisfundacion\/","https:\/\/www.linkedin.com\/company\/11094786\/admin\/","https:\/\/www.youtube.com\/@fundacionprodis"]},{"@type":"Person","@id":"https:\/\/fundacionprodis.org\/en\/#\/schema\/person\/fdd9a58427edb57c57efb80b04085ca9","name":"Raul Mecina","url":"https:\/\/fundacionprodis.org\/en\/author\/raul-mecina\/"}]}},"_links":{"self":[{"href":"https:\/\/fundacionprodis.org\/en\/wp-json\/wp\/v2\/posts\/14293","targetHints":{"allow":["GET"]}}],"collection":[{"href":"https:\/\/fundacionprodis.org\/en\/wp-json\/wp\/v2\/posts"}],"about":[{"href":"https:\/\/fundacionprodis.org\/en\/wp-json\/wp\/v2\/types\/post"}],"author":[{"embeddable":true,"href":"https:\/\/fundacionprodis.org\/en\/wp-json\/wp\/v2\/users\/7"}],"replies":[{"embeddable":true,"href":"https:\/\/fundacionprodis.org\/en\/wp-json\/wp\/v2\/comments?post=14293"}],"version-history":[{"count":1,"href":"https:\/\/fundacionprodis.org\/en\/wp-json\/wp\/v2\/posts\/14293\/revisions"}],"predecessor-version":[{"id":14299,"href":"https:\/\/fundacionprodis.org\/en\/wp-json\/wp\/v2\/posts\/14293\/revisions\/14299"}],"wp:attachment":[{"href":"https:\/\/fundacionprodis.org\/en\/wp-json\/wp\/v2\/media?parent=14293"}],"wp:term":[{"taxonomy":"category","embeddable":true,"href":"https:\/\/fundacionprodis.org\/en\/wp-json\/wp\/v2\/categories?post=14293"},{"taxonomy":"post_tag","embeddable":true,"href":"https:\/\/fundacionprodis.org\/en\/wp-json\/wp\/v2\/tags?post=14293"}],"curies":[{"name":"wp","href":"https:\/\/api.w.org\/{rel}","templated":true}]}}