{"id":15748,"date":"2023-10-06T11:53:57","date_gmt":"2023-10-06T11:53:57","guid":{"rendered":"https:\/\/fundacionprodis.org\/?p=15748"},"modified":"2024-02-08T11:30:35","modified_gmt":"2024-02-08T11:30:35","slug":"la-fundacion-prodis-entre-los-proyectos-ganadores-cafes-solidarios-de-kmpgespana","status":"publish","type":"post","link":"https:\/\/fundacionprodis.org\/en\/la-fundacion-prodis-entre-los-proyectos-ganadores-cafes-solidarios-de-kmpgespana\/","title":{"rendered":"La Fundaci\u00f3n Prodis entre los proyectos ganadores de la XIII edici\u00f3n de Caf\u00e9s Solidarios de KMPG Espa\u00f1a"},"content":{"rendered":"<p><span data-contrast=\"none\">Hoy se ha celebrado la entrega de premios de la XIII edici\u00f3n de Caf\u00e9s Solidarios de KMPG Espa\u00f1a en su sede de Madrid y la Fundaci\u00f3n Prodis ha sido seleccionada como una de las ganadoras junto a otras cinco entidades m\u00e1s.<\/span><span data-ccp-props=\"{&quot;201341983&quot;:0,&quot;335551550&quot;:6,&quot;335551620&quot;:6,&quot;335559739&quot;:160,&quot;335559740&quot;:259}\">\u00a0<\/span><\/p>\n<p><span data-contrast=\"none\">En el acto, lo seis voluntarios, representantes de cada una de las iniciativas ganadoras, han explicado durante un minuto, con gran motivaci\u00f3n y compromiso el proyecto al que apoyaban.<\/span><span data-ccp-props=\"{&quot;201341983&quot;:0,&quot;335551550&quot;:6,&quot;335551620&quot;:6,&quot;335559739&quot;:160,&quot;335559740&quot;:259}\">\u00a0<\/span><\/p>\n<p><span data-contrast=\"none\">El padrino de la Fundaci\u00f3n Prodis, ha sido Carlos Velasco, <\/span><span data-contrast=\"auto\">Director Corporate Tax Services en KPMG Abogados S.L. Carlos, habl\u00f3 sobre la importancia del proyecto presentado por la instituci\u00f3n <\/span><i><span data-contrast=\"auto\">\u201cRespiro Familiar y Entrenamiento de Vida Independiente para personas con Discapacidad Intelectual\u201d, <\/span><\/i><span data-contrast=\"auto\">una nueva iniciativa dentro de la Fundaci\u00f3n, que supone un gran reto para la entidad.\u00a0<\/span><span data-ccp-props=\"{&quot;201341983&quot;:0,&quot;335551550&quot;:6,&quot;335551620&quot;:6,&quot;335559739&quot;:160,&quot;335559740&quot;:259}\">\u00a0<\/span><\/p>\n<p><span data-contrast=\"auto\">La Fundaci\u00f3n Prodis, que trabaja desde hace 23 a\u00f1os por la inclusi\u00f3n laboral y social de las personas con discapacidad intelectual, desarrollando programas y servicios enfocados fundamentalmente a la formaci\u00f3n y acceso al empleo, se caracteriza por tratar de dar respuesta a las distintas necesidades de apoyo de los usuarios y familias a las que atiende. Por este motivo, se estrena en la aventura de la vida independiente, para atender un nuevo reto que se les plantea a las personas con mayor autonom\u00eda y a sus familias, con el objetivo de que puedan tener una vida plena.\u00a0<\/span><span data-ccp-props=\"{&quot;201341983&quot;:0,&quot;335551550&quot;:6,&quot;335551620&quot;:6,&quot;335559739&quot;:160,&quot;335559740&quot;:259}\">\u00a0<\/span><\/p>\n<p><span data-contrast=\"auto\">Un proyecto precioso, con mucho recorrido, que requiere de gran inversi\u00f3n y que, sin duda, este premio contribuir\u00e1 a su puesta en marcha.\u00a0<\/span><span data-ccp-props=\"{&quot;201341983&quot;:0,&quot;335551550&quot;:6,&quot;335551620&quot;:6,&quot;335559739&quot;:160,&quot;335559740&quot;:259}\">\u00a0<\/span><\/p>\n<p><span data-contrast=\"none\">Adem\u00e1s, durante la entrega de premios, ha intervenido la presidenta de la Fundaci\u00f3n Prodis, Soledad Herreros de Tejada, que ha agradecido a KMPG Espa\u00f1a su compromiso desde hace a\u00f1os con Prodis, y a todos los empleados por haber votado este proyecto tan importante para la Fundaci\u00f3n.<\/span><span data-ccp-props=\"{&quot;201341983&quot;:0,&quot;335551550&quot;:6,&quot;335551620&quot;:6,&quot;335559739&quot;:160,&quot;335559740&quot;:259}\">\u00a0<\/span><\/p>\n<p><span data-contrast=\"none\">Herreros de Tejada, destac\u00f3 que este premio <\/span><i><span data-contrast=\"none\">\u201cnos permite abordar un nuevo reto, preparar para la vida independiente a los usuarios de Prodis y ofrecer un respiro familiar durante los fines de semana a los padres de hijos con altas necesidades de apoyo para que puedan descansar, mientras Prodis les atiende \u201c<\/span><\/i><span data-ccp-props=\"{&quot;201341983&quot;:0,&quot;335551550&quot;:6,&quot;335551620&quot;:6,&quot;335559739&quot;:160,&quot;335559740&quot;:259}\">\u00a0<\/span><\/p>\n<p><b><span data-contrast=\"none\">Detalles del proyecto: <\/span><\/b><i><span data-contrast=\"auto\">\u201cRespiro Familiar y Entrenamiento de Vida Independiente para personas con Discapacidad Intelectual\u201d<\/span><\/i><span data-ccp-props=\"{&quot;201341983&quot;:0,&quot;335551550&quot;:6,&quot;335551620&quot;:6,&quot;335559739&quot;:160,&quot;335559740&quot;:259}\">\u00a0<\/span><\/p>\n<p><span data-contrast=\"none\">El proyecto se realizar\u00e1 en un piso, que se est\u00e1 acondicionando en el barrio de Villaverde, muy cerca de las instalaciones de la Fundaci\u00f3n Prodis y estar\u00e1 terminado a partir de enero. Arrancar\u00e1 con seis usuarios con discapacidad intelectual, que podr\u00e1n realizar, durante 3 meses, pr\u00e1cticas de vida independiente. De lunes a jueves, los j\u00f3venes trabajar\u00e1n habilidades relacionadas con la autonom\u00eda junto con profesionales especializados, con la intenci\u00f3n de evaluar una posible independencia de cara a futuro. C<\/span><span data-contrast=\"none\">ada tres meses entrar\u00e1n otros seis participantes para dar oportunidad a un mayor n\u00famero de personas.<\/span><span data-ccp-props=\"{&quot;134233117&quot;:false,&quot;134233118&quot;:false,&quot;201341983&quot;:0,&quot;335551550&quot;:6,&quot;335551620&quot;:6,&quot;335559685&quot;:0,&quot;335559738&quot;:0,&quot;335559739&quot;:0,&quot;335559740&quot;:259,&quot;469777462&quot;:[720],&quot;469777927&quot;:[0],&quot;469777928&quot;:[1]}\">\u00a0<\/span><\/p>\n<p><span data-contrast=\"none\">Los fines de semana, de viernes a domingo, el piso se convierte en un lugar de conciliaci\u00f3n familiar, proporcionando un descanso temporal a las familias que cuidan a personas con discapacidad con menos autonom\u00eda y m\u00e1s necesidades de apoyo. Ocho personas con discapacidad intelectual podr\u00e1n pernoctar para poder as\u00ed dar un respiro a sus familias y reducir la sobrecarga que se genera en los cuidadores.\u00a0<\/span><span data-ccp-props=\"{&quot;134233117&quot;:false,&quot;134233118&quot;:false,&quot;201341983&quot;:0,&quot;335551550&quot;:6,&quot;335551620&quot;:6,&quot;335559685&quot;:0,&quot;335559738&quot;:0,&quot;335559739&quot;:0,&quot;335559740&quot;:259,&quot;469777462&quot;:[720],&quot;469777927&quot;:[0],&quot;469777928&quot;:[1]}\">\u00a0<\/span><\/p>\n<p><span data-ccp-props=\"{&quot;201341983&quot;:0,&quot;335551550&quot;:6,&quot;335551620&quot;:6,&quot;335559739&quot;:160,&quot;335559740&quot;:259}\">\u00a0<\/span><\/p>\n","protected":false},"excerpt":{"rendered":"<p>Hoy se ha celebrado la entrega de premios de la XIII edici\u00f3n de Caf\u00e9s Solidarios de KMPG Espa\u00f1a en su sede de Madrid y la Fundaci\u00f3n Prodis ha sido seleccionada como una de las ganadoras junto a otras cinco entidades m\u00e1s.\u00a0 En el acto, lo seis voluntarios, representantes de cada una de las iniciativas ganadoras, [&hellip;]<\/p>\n","protected":false},"author":6,"featured_media":15754,"comment_status":"open","ping_status":"open","sticky":false,"template":"","format":"standard","meta":{"_acf_changed":false,"inline_featured_image":false,"footnotes":""},"categories":[1],"tags":[],"class_list":["post-15748","post","type-post","status-publish","format-standard","has-post-thumbnail","hentry","category-sin-categorizar"],"acf":[],"yoast_head":"<!-- This site is optimized with the Yoast SEO plugin v27.5 - https:\/\/yoast.com\/product\/yoast-seo-wordpress\/ -->\n<title>Prodis beneficiaria de los Caf\u00e9s Solidarios de KPMG<\/title>\n<meta name=\"description\" content=\"Prodis entre los proyectos ganadores de la XIII edici\u00f3n de Caf\u00e9s Solidarios de KMPG Espa\u00f1a junto a cinco entidades m\u00e1s.\" \/>\n<meta name=\"robots\" content=\"index, follow, max-snippet:-1, max-image-preview:large, max-video-preview:-1\" \/>\n<link rel=\"canonical\" href=\"https:\/\/fundacionprodis.org\/en\/la-fundacion-prodis-entre-los-proyectos-ganadores-cafes-solidarios-de-kmpgespana\/\" \/>\n<meta property=\"og:locale\" content=\"en_US\" \/>\n<meta property=\"og:type\" content=\"article\" \/>\n<meta property=\"og:title\" content=\"Prodis beneficiaria de los Caf\u00e9s Solidarios de KPMG\" \/>\n<meta property=\"og:description\" content=\"Prodis entre los proyectos ganadores de la XIII edici\u00f3n de Caf\u00e9s Solidarios de KMPG Espa\u00f1a junto a cinco entidades m\u00e1s.\" \/>\n<meta property=\"og:url\" content=\"https:\/\/fundacionprodis.org\/en\/la-fundacion-prodis-entre-los-proyectos-ganadores-cafes-solidarios-de-kmpgespana\/\" \/>\n<meta property=\"og:site_name\" content=\"Fundaci\u00f3n Prodis\" \/>\n<meta property=\"article:publisher\" content=\"https:\/\/www.facebook.com\/FundacionProdis\" \/>\n<meta property=\"article:published_time\" content=\"2023-10-06T11:53:57+00:00\" \/>\n<meta property=\"article:modified_time\" content=\"2024-02-08T11:30:35+00:00\" \/>\n<meta property=\"og:image\" content=\"https:\/\/fundacionprodis.org\/wp-content\/uploads\/2023\/10\/WhatsApp-Image-2023-10-06-at-13.11.45-e1696593476865.jpeg\" \/>\n\t<meta property=\"og:image:width\" content=\"1338\" \/>\n\t<meta property=\"og:image:height\" content=\"933\" \/>\n\t<meta property=\"og:image:type\" content=\"image\/jpeg\" \/>\n<meta name=\"author\" content=\"Rebeca\" \/>\n<meta name=\"twitter:card\" content=\"summary_large_image\" \/>\n<meta name=\"twitter:creator\" content=\"@fundacionprodis\" \/>\n<meta name=\"twitter:site\" content=\"@fundacionprodis\" \/>\n<meta name=\"twitter:label1\" content=\"Written by\" \/>\n\t<meta name=\"twitter:data1\" content=\"Rebeca\" \/>\n\t<meta name=\"twitter:label2\" content=\"Est. reading time\" \/>\n\t<meta name=\"twitter:data2\" content=\"6 minutes\" \/>\n<script type=\"application\/ld+json\" class=\"yoast-schema-graph\">{\"@context\":\"https:\\\/\\\/schema.org\",\"@graph\":[{\"@type\":\"Article\",\"@id\":\"https:\\\/\\\/fundacionprodis.org\\\/en\\\/la-fundacion-prodis-entre-los-proyectos-ganadores-cafes-solidarios-de-kmpgespana\\\/#article\",\"isPartOf\":{\"@id\":\"https:\\\/\\\/fundacionprodis.org\\\/en\\\/la-fundacion-prodis-entre-los-proyectos-ganadores-cafes-solidarios-de-kmpgespana\\\/\"},\"author\":{\"name\":\"Rebeca\",\"@id\":\"https:\\\/\\\/fundacionprodis.org\\\/en\\\/#\\\/schema\\\/person\\\/f4b6b70a795b78b38746a6f6c8dea25a\"},\"headline\":\"La Fundaci\u00f3n Prodis entre los proyectos ganadores de la XIII edici\u00f3n de Caf\u00e9s Solidarios de KMPG Espa\u00f1a\",\"datePublished\":\"2023-10-06T11:53:57+00:00\",\"dateModified\":\"2024-02-08T11:30:35+00:00\",\"mainEntityOfPage\":{\"@id\":\"https:\\\/\\\/fundacionprodis.org\\\/en\\\/la-fundacion-prodis-entre-los-proyectos-ganadores-cafes-solidarios-de-kmpgespana\\\/\"},\"wordCount\":570,\"commentCount\":0,\"publisher\":{\"@id\":\"https:\\\/\\\/fundacionprodis.org\\\/en\\\/#organization\"},\"image\":{\"@id\":\"https:\\\/\\\/fundacionprodis.org\\\/en\\\/la-fundacion-prodis-entre-los-proyectos-ganadores-cafes-solidarios-de-kmpgespana\\\/#primaryimage\"},\"thumbnailUrl\":\"https:\\\/\\\/fundacionprodis.org\\\/wp-content\\\/uploads\\\/2023\\\/10\\\/WhatsApp-Image-2023-10-06-at-13.11.45-e1696593476865.jpeg\",\"articleSection\":[\"Sin categorizar\"],\"inLanguage\":\"en-US\",\"potentialAction\":[{\"@type\":\"CommentAction\",\"name\":\"Comment\",\"target\":[\"https:\\\/\\\/fundacionprodis.org\\\/en\\\/la-fundacion-prodis-entre-los-proyectos-ganadores-cafes-solidarios-de-kmpgespana\\\/#respond\"]}]},{\"@type\":\"WebPage\",\"@id\":\"https:\\\/\\\/fundacionprodis.org\\\/en\\\/la-fundacion-prodis-entre-los-proyectos-ganadores-cafes-solidarios-de-kmpgespana\\\/\",\"url\":\"https:\\\/\\\/fundacionprodis.org\\\/en\\\/la-fundacion-prodis-entre-los-proyectos-ganadores-cafes-solidarios-de-kmpgespana\\\/\",\"name\":\"Prodis beneficiaria de los Caf\u00e9s Solidarios de KPMG\",\"isPartOf\":{\"@id\":\"https:\\\/\\\/fundacionprodis.org\\\/en\\\/#website\"},\"primaryImageOfPage\":{\"@id\":\"https:\\\/\\\/fundacionprodis.org\\\/en\\\/la-fundacion-prodis-entre-los-proyectos-ganadores-cafes-solidarios-de-kmpgespana\\\/#primaryimage\"},\"image\":{\"@id\":\"https:\\\/\\\/fundacionprodis.org\\\/en\\\/la-fundacion-prodis-entre-los-proyectos-ganadores-cafes-solidarios-de-kmpgespana\\\/#primaryimage\"},\"thumbnailUrl\":\"https:\\\/\\\/fundacionprodis.org\\\/wp-content\\\/uploads\\\/2023\\\/10\\\/WhatsApp-Image-2023-10-06-at-13.11.45-e1696593476865.jpeg\",\"datePublished\":\"2023-10-06T11:53:57+00:00\",\"dateModified\":\"2024-02-08T11:30:35+00:00\",\"description\":\"Prodis entre los proyectos ganadores de la XIII edici\u00f3n de Caf\u00e9s Solidarios de KMPG Espa\u00f1a junto a cinco entidades m\u00e1s.\",\"breadcrumb\":{\"@id\":\"https:\\\/\\\/fundacionprodis.org\\\/en\\\/la-fundacion-prodis-entre-los-proyectos-ganadores-cafes-solidarios-de-kmpgespana\\\/#breadcrumb\"},\"inLanguage\":\"en-US\",\"potentialAction\":[{\"@type\":\"ReadAction\",\"target\":[\"https:\\\/\\\/fundacionprodis.org\\\/en\\\/la-fundacion-prodis-entre-los-proyectos-ganadores-cafes-solidarios-de-kmpgespana\\\/\"]}]},{\"@type\":\"ImageObject\",\"inLanguage\":\"en-US\",\"@id\":\"https:\\\/\\\/fundacionprodis.org\\\/en\\\/la-fundacion-prodis-entre-los-proyectos-ganadores-cafes-solidarios-de-kmpgespana\\\/#primaryimage\",\"url\":\"https:\\\/\\\/fundacionprodis.org\\\/wp-content\\\/uploads\\\/2023\\\/10\\\/WhatsApp-Image-2023-10-06-at-13.11.45-e1696593476865.jpeg\",\"contentUrl\":\"https:\\\/\\\/fundacionprodis.org\\\/wp-content\\\/uploads\\\/2023\\\/10\\\/WhatsApp-Image-2023-10-06-at-13.11.45-e1696593476865.jpeg\",\"width\":1338,\"height\":933},{\"@type\":\"BreadcrumbList\",\"@id\":\"https:\\\/\\\/fundacionprodis.org\\\/en\\\/la-fundacion-prodis-entre-los-proyectos-ganadores-cafes-solidarios-de-kmpgespana\\\/#breadcrumb\",\"itemListElement\":[{\"@type\":\"ListItem\",\"position\":1,\"name\":\"Portada\",\"item\":\"https:\\\/\\\/fundacionprodis.org\\\/en\\\/home\\\/\"},{\"@type\":\"ListItem\",\"position\":2,\"name\":\"La Fundaci\u00f3n Prodis entre los proyectos ganadores de la XIII edici\u00f3n de Caf\u00e9s Solidarios de KMPG Espa\u00f1a\"}]},{\"@type\":\"WebSite\",\"@id\":\"https:\\\/\\\/fundacionprodis.org\\\/en\\\/#website\",\"url\":\"https:\\\/\\\/fundacionprodis.org\\\/en\\\/\",\"name\":\"Fundaci\u00f3n Prodis\",\"description\":\"\",\"publisher\":{\"@id\":\"https:\\\/\\\/fundacionprodis.org\\\/en\\\/#organization\"},\"potentialAction\":[{\"@type\":\"SearchAction\",\"target\":{\"@type\":\"EntryPoint\",\"urlTemplate\":\"https:\\\/\\\/fundacionprodis.org\\\/en\\\/?s={search_term_string}\"},\"query-input\":{\"@type\":\"PropertyValueSpecification\",\"valueRequired\":true,\"valueName\":\"search_term_string\"}}],\"inLanguage\":\"en-US\"},{\"@type\":\"Organization\",\"@id\":\"https:\\\/\\\/fundacionprodis.org\\\/en\\\/#organization\",\"name\":\"Fundaci\u00f3n Prodis\",\"url\":\"https:\\\/\\\/fundacionprodis.org\\\/en\\\/\",\"logo\":{\"@type\":\"ImageObject\",\"inLanguage\":\"en-US\",\"@id\":\"https:\\\/\\\/fundacionprodis.org\\\/en\\\/#\\\/schema\\\/logo\\\/image\\\/\",\"url\":\"https:\\\/\\\/fundacionprodis.org\\\/wp-content\\\/uploads\\\/2023\\\/05\\\/fundacion-prodis.svg\",\"contentUrl\":\"https:\\\/\\\/fundacionprodis.org\\\/wp-content\\\/uploads\\\/2023\\\/05\\\/fundacion-prodis.svg\",\"width\":76,\"height\":42,\"caption\":\"Fundaci\u00f3n Prodis\"},\"image\":{\"@id\":\"https:\\\/\\\/fundacionprodis.org\\\/en\\\/#\\\/schema\\\/logo\\\/image\\\/\"},\"sameAs\":[\"https:\\\/\\\/www.facebook.com\\\/FundacionProdis\",\"https:\\\/\\\/x.com\\\/fundacionprodis\",\"https:\\\/\\\/www.instagram.com\\\/prodisfundacion\\\/\",\"https:\\\/\\\/www.linkedin.com\\\/company\\\/11094786\\\/admin\\\/\",\"https:\\\/\\\/www.youtube.com\\\/@fundacionprodis\"]},{\"@type\":\"Person\",\"@id\":\"https:\\\/\\\/fundacionprodis.org\\\/en\\\/#\\\/schema\\\/person\\\/f4b6b70a795b78b38746a6f6c8dea25a\",\"name\":\"Rebeca\",\"url\":\"https:\\\/\\\/fundacionprodis.org\\\/en\\\/author\\\/rebeca\\\/\"}]}<\/script>\n<!-- \/ Yoast SEO plugin. -->","yoast_head_json":{"title":"Prodis beneficiaria de los Caf\u00e9s Solidarios de KPMG","description":"Prodis entre los proyectos ganadores de la XIII edici\u00f3n de Caf\u00e9s Solidarios de KMPG Espa\u00f1a junto a cinco entidades m\u00e1s.","robots":{"index":"index","follow":"follow","max-snippet":"max-snippet:-1","max-image-preview":"max-image-preview:large","max-video-preview":"max-video-preview:-1"},"canonical":"https:\/\/fundacionprodis.org\/en\/la-fundacion-prodis-entre-los-proyectos-ganadores-cafes-solidarios-de-kmpgespana\/","og_locale":"en_US","og_type":"article","og_title":"Prodis beneficiaria de los Caf\u00e9s Solidarios de KPMG","og_description":"Prodis entre los proyectos ganadores de la XIII edici\u00f3n de Caf\u00e9s Solidarios de KMPG Espa\u00f1a junto a cinco entidades m\u00e1s.","og_url":"https:\/\/fundacionprodis.org\/en\/la-fundacion-prodis-entre-los-proyectos-ganadores-cafes-solidarios-de-kmpgespana\/","og_site_name":"Fundaci\u00f3n Prodis","article_publisher":"https:\/\/www.facebook.com\/FundacionProdis","article_published_time":"2023-10-06T11:53:57+00:00","article_modified_time":"2024-02-08T11:30:35+00:00","og_image":[{"width":1338,"height":933,"url":"https:\/\/fundacionprodis.org\/wp-content\/uploads\/2023\/10\/WhatsApp-Image-2023-10-06-at-13.11.45-e1696593476865.jpeg","type":"image\/jpeg"}],"author":"Rebeca","twitter_card":"summary_large_image","twitter_creator":"@fundacionprodis","twitter_site":"@fundacionprodis","twitter_misc":{"Written by":"Rebeca","Est. reading time":"6 minutes"},"schema":{"@context":"https:\/\/schema.org","@graph":[{"@type":"Article","@id":"https:\/\/fundacionprodis.org\/en\/la-fundacion-prodis-entre-los-proyectos-ganadores-cafes-solidarios-de-kmpgespana\/#article","isPartOf":{"@id":"https:\/\/fundacionprodis.org\/en\/la-fundacion-prodis-entre-los-proyectos-ganadores-cafes-solidarios-de-kmpgespana\/"},"author":{"name":"Rebeca","@id":"https:\/\/fundacionprodis.org\/en\/#\/schema\/person\/f4b6b70a795b78b38746a6f6c8dea25a"},"headline":"La Fundaci\u00f3n Prodis entre los proyectos ganadores de la XIII edici\u00f3n de Caf\u00e9s Solidarios de KMPG Espa\u00f1a","datePublished":"2023-10-06T11:53:57+00:00","dateModified":"2024-02-08T11:30:35+00:00","mainEntityOfPage":{"@id":"https:\/\/fundacionprodis.org\/en\/la-fundacion-prodis-entre-los-proyectos-ganadores-cafes-solidarios-de-kmpgespana\/"},"wordCount":570,"commentCount":0,"publisher":{"@id":"https:\/\/fundacionprodis.org\/en\/#organization"},"image":{"@id":"https:\/\/fundacionprodis.org\/en\/la-fundacion-prodis-entre-los-proyectos-ganadores-cafes-solidarios-de-kmpgespana\/#primaryimage"},"thumbnailUrl":"https:\/\/fundacionprodis.org\/wp-content\/uploads\/2023\/10\/WhatsApp-Image-2023-10-06-at-13.11.45-e1696593476865.jpeg","articleSection":["Sin categorizar"],"inLanguage":"en-US","potentialAction":[{"@type":"CommentAction","name":"Comment","target":["https:\/\/fundacionprodis.org\/en\/la-fundacion-prodis-entre-los-proyectos-ganadores-cafes-solidarios-de-kmpgespana\/#respond"]}]},{"@type":"WebPage","@id":"https:\/\/fundacionprodis.org\/en\/la-fundacion-prodis-entre-los-proyectos-ganadores-cafes-solidarios-de-kmpgespana\/","url":"https:\/\/fundacionprodis.org\/en\/la-fundacion-prodis-entre-los-proyectos-ganadores-cafes-solidarios-de-kmpgespana\/","name":"Prodis beneficiaria de los Caf\u00e9s Solidarios de KPMG","isPartOf":{"@id":"https:\/\/fundacionprodis.org\/en\/#website"},"primaryImageOfPage":{"@id":"https:\/\/fundacionprodis.org\/en\/la-fundacion-prodis-entre-los-proyectos-ganadores-cafes-solidarios-de-kmpgespana\/#primaryimage"},"image":{"@id":"https:\/\/fundacionprodis.org\/en\/la-fundacion-prodis-entre-los-proyectos-ganadores-cafes-solidarios-de-kmpgespana\/#primaryimage"},"thumbnailUrl":"https:\/\/fundacionprodis.org\/wp-content\/uploads\/2023\/10\/WhatsApp-Image-2023-10-06-at-13.11.45-e1696593476865.jpeg","datePublished":"2023-10-06T11:53:57+00:00","dateModified":"2024-02-08T11:30:35+00:00","description":"Prodis entre los proyectos ganadores de la XIII edici\u00f3n de Caf\u00e9s Solidarios de KMPG Espa\u00f1a junto a cinco entidades m\u00e1s.","breadcrumb":{"@id":"https:\/\/fundacionprodis.org\/en\/la-fundacion-prodis-entre-los-proyectos-ganadores-cafes-solidarios-de-kmpgespana\/#breadcrumb"},"inLanguage":"en-US","potentialAction":[{"@type":"ReadAction","target":["https:\/\/fundacionprodis.org\/en\/la-fundacion-prodis-entre-los-proyectos-ganadores-cafes-solidarios-de-kmpgespana\/"]}]},{"@type":"ImageObject","inLanguage":"en-US","@id":"https:\/\/fundacionprodis.org\/en\/la-fundacion-prodis-entre-los-proyectos-ganadores-cafes-solidarios-de-kmpgespana\/#primaryimage","url":"https:\/\/fundacionprodis.org\/wp-content\/uploads\/2023\/10\/WhatsApp-Image-2023-10-06-at-13.11.45-e1696593476865.jpeg","contentUrl":"https:\/\/fundacionprodis.org\/wp-content\/uploads\/2023\/10\/WhatsApp-Image-2023-10-06-at-13.11.45-e1696593476865.jpeg","width":1338,"height":933},{"@type":"BreadcrumbList","@id":"https:\/\/fundacionprodis.org\/en\/la-fundacion-prodis-entre-los-proyectos-ganadores-cafes-solidarios-de-kmpgespana\/#breadcrumb","itemListElement":[{"@type":"ListItem","position":1,"name":"Portada","item":"https:\/\/fundacionprodis.org\/en\/home\/"},{"@type":"ListItem","position":2,"name":"La Fundaci\u00f3n Prodis entre los proyectos ganadores de la XIII edici\u00f3n de Caf\u00e9s Solidarios de KMPG Espa\u00f1a"}]},{"@type":"WebSite","@id":"https:\/\/fundacionprodis.org\/en\/#website","url":"https:\/\/fundacionprodis.org\/en\/","name":"Fundaci\u00f3n Prodis","description":"","publisher":{"@id":"https:\/\/fundacionprodis.org\/en\/#organization"},"potentialAction":[{"@type":"SearchAction","target":{"@type":"EntryPoint","urlTemplate":"https:\/\/fundacionprodis.org\/en\/?s={search_term_string}"},"query-input":{"@type":"PropertyValueSpecification","valueRequired":true,"valueName":"search_term_string"}}],"inLanguage":"en-US"},{"@type":"Organization","@id":"https:\/\/fundacionprodis.org\/en\/#organization","name":"Fundaci\u00f3n Prodis","url":"https:\/\/fundacionprodis.org\/en\/","logo":{"@type":"ImageObject","inLanguage":"en-US","@id":"https:\/\/fundacionprodis.org\/en\/#\/schema\/logo\/image\/","url":"https:\/\/fundacionprodis.org\/wp-content\/uploads\/2023\/05\/fundacion-prodis.svg","contentUrl":"https:\/\/fundacionprodis.org\/wp-content\/uploads\/2023\/05\/fundacion-prodis.svg","width":76,"height":42,"caption":"Fundaci\u00f3n Prodis"},"image":{"@id":"https:\/\/fundacionprodis.org\/en\/#\/schema\/logo\/image\/"},"sameAs":["https:\/\/www.facebook.com\/FundacionProdis","https:\/\/x.com\/fundacionprodis","https:\/\/www.instagram.com\/prodisfundacion\/","https:\/\/www.linkedin.com\/company\/11094786\/admin\/","https:\/\/www.youtube.com\/@fundacionprodis"]},{"@type":"Person","@id":"https:\/\/fundacionprodis.org\/en\/#\/schema\/person\/f4b6b70a795b78b38746a6f6c8dea25a","name":"Rebeca","url":"https:\/\/fundacionprodis.org\/en\/author\/rebeca\/"}]}},"_links":{"self":[{"href":"https:\/\/fundacionprodis.org\/en\/wp-json\/wp\/v2\/posts\/15748","targetHints":{"allow":["GET"]}}],"collection":[{"href":"https:\/\/fundacionprodis.org\/en\/wp-json\/wp\/v2\/posts"}],"about":[{"href":"https:\/\/fundacionprodis.org\/en\/wp-json\/wp\/v2\/types\/post"}],"author":[{"embeddable":true,"href":"https:\/\/fundacionprodis.org\/en\/wp-json\/wp\/v2\/users\/6"}],"replies":[{"embeddable":true,"href":"https:\/\/fundacionprodis.org\/en\/wp-json\/wp\/v2\/comments?post=15748"}],"version-history":[{"count":5,"href":"https:\/\/fundacionprodis.org\/en\/wp-json\/wp\/v2\/posts\/15748\/revisions"}],"predecessor-version":[{"id":17288,"href":"https:\/\/fundacionprodis.org\/en\/wp-json\/wp\/v2\/posts\/15748\/revisions\/17288"}],"wp:featuredmedia":[{"embeddable":true,"href":"https:\/\/fundacionprodis.org\/en\/wp-json\/wp\/v2\/media\/15754"}],"wp:attachment":[{"href":"https:\/\/fundacionprodis.org\/en\/wp-json\/wp\/v2\/media?parent=15748"}],"wp:term":[{"taxonomy":"category","embeddable":true,"href":"https:\/\/fundacionprodis.org\/en\/wp-json\/wp\/v2\/categories?post=15748"},{"taxonomy":"post_tag","embeddable":true,"href":"https:\/\/fundacionprodis.org\/en\/wp-json\/wp\/v2\/tags?post=15748"}],"curies":[{"name":"wp","href":"https:\/\/api.w.org\/{rel}","templated":true}]}}