{"id":15992,"date":"2023-12-01T12:11:59","date_gmt":"2023-12-01T12:11:59","guid":{"rendered":"https:\/\/fundacionprodis.org\/?p=15992"},"modified":"2024-02-07T09:38:54","modified_gmt":"2024-02-07T09:38:54","slug":"la-fundacion-prodis-lanza-su-nuevo-video-corporativo-con-motivo-del-dia-internacional-de-la-discapacidad-el-3-de-diciembre","status":"publish","type":"post","link":"https:\/\/fundacionprodis.org\/en\/la-fundacion-prodis-lanza-su-nuevo-video-corporativo-con-motivo-del-dia-internacional-de-la-discapacidad-el-3-de-diciembre\/","title":{"rendered":"La Fundaci\u00f3n Prodis lanza su nuevo video corporativo, con motivo del d\u00eda internacional de la discapacidad el 3 de diciembre"},"content":{"rendered":"<ul>\n<li><strong>3 de diciembre, una fecha para reflexionar, y reivindicar que los derechos de las personas con discapacidad se hagan efectivos. <\/strong><\/li>\n<\/ul>\n<p>Como cada 3 de diciembre, d\u00eda Internacional de la discapacidad, la Fundaci\u00f3n Prodis reflexiona, y hace balance sobre su misi\u00f3n: mejorar la calidad de vida de las personas con discapacidad intelectual y la de sus familias, apoyando y promoviendo su inclusi\u00f3n en una sociedad justa y solidaria.<\/p>\n<p>Y lo hace este a\u00f1o de una manera muy especial, con el lanzamiento de su nuevo video corporativo. Un video, lleno de emotividad, que narra la historia de cinco personas con discapacidad intelectual, que gracias a Prodis, tienen una vida plena.<\/p>\n<p>El video, ha sido realizado gracias a la financiaci\u00f3n obtenida en la convocatoria para el apoyo a la modernizaci\u00f3n de las entidades del Tercer Sector, subvencionado por el Ministerio de Derechos Sociales y Agenda 2030 y financiado a cargo del Fondo Europeo de Recuperaci\u00f3n, Transformaci\u00f3n y Resiliencia.<\/p>\n<p><iframe loading=\"lazy\" title=\"V\u00eddeo Corporativo Fundaci\u00f3n Prodis | Abriendo camino hacia el futuro | Versi\u00f3n extendida\" width=\"500\" height=\"281\" src=\"https:\/\/www.youtube.com\/embed\/le75pmbGiek?feature=oembed\" frameborder=\"0\" allow=\"accelerometer; autoplay; clipboard-write; encrypted-media; gyroscope; picture-in-picture; web-share\" referrerpolicy=\"strict-origin-when-cross-origin\" allowfullscreen><\/iframe><\/p>\n<p>Pepe, Mar\u00eda, Michel, Rosa y Cristina, muestran su historia de superaci\u00f3n, una historia, marcada por la Fundaci\u00f3n Prodis. Cada uno de ellos, a trav\u00e9s de un itinerario personalizado y adecuado a su nivel de discapacidad, ha conseguido, gracias a la labor de la entidad, una vida plena.<\/p>\n<p>Autonom\u00eda, formaci\u00f3n, inclusi\u00f3n laboral, acompa\u00f1amiento emocional, ocio, son algunas de las \u00e1reas que la Fundaci\u00f3n Prodis impulsa desde hace 23 a\u00f1os, para que m\u00e1s de 500 j\u00f3venes como los protagonistas de este video mejoren su calidad de vida.<\/p>\n<p>El video est\u00e1 acompa\u00f1ando de una original composici\u00f3n musical, realizada por la cantante Ichi Segovia. A trav\u00e9s de la m\u00fasica, la Fundaci\u00f3n Prodis, relata los distintos servicios y programas a trav\u00e9s de los cuales la entidad da respuesta a las necesidades de crecimiento y desarrollo de las personas con discapacidad intelectual.<\/p>\n<p>En el D\u00eda Internacional de las Personas con Discapacidad, la Fundaci\u00f3n Prodis quiere poner en valor la importancia de seguir trabajando desde el \u00e1mbito social, educativo y laboral por la inclusi\u00f3n real de este colectivo en la sociedad.<\/p>\n<p>En un mundo cambiante, donde los retos del tercer sector son cada vez m\u00e1s desafiantes, par\u00e9monos a reflexionar. Construyamos juntos un futuro donde todos tengamos un lugar que ocupar y hagamos un mundo mejor, equitativo, justo y sostenible. Un mundo donde las personas como Pepe, Mar\u00eda, Michel, Rosa y Cristina, tengan las mismas oportunidades y sean felices.<\/p>\n","protected":false},"excerpt":{"rendered":"<p>3 de diciembre, una fecha para reflexionar, y reivindicar que los derechos de las personas con discapacidad se hagan efectivos. Como cada 3 de diciembre, d\u00eda Internacional de la discapacidad, la Fundaci\u00f3n Prodis reflexiona, y hace balance sobre su misi\u00f3n: mejorar la calidad de vida de las personas con discapacidad intelectual y la de sus [&hellip;]<\/p>\n","protected":false},"author":6,"featured_media":0,"comment_status":"open","ping_status":"open","sticky":false,"template":"","format":"standard","meta":{"_acf_changed":false,"inline_featured_image":false,"footnotes":""},"categories":[1],"tags":[],"class_list":["post-15992","post","type-post","status-publish","format-standard","hentry","category-sin-categorizar"],"acf":[],"yoast_head":"<!-- This site is optimized with the Yoast SEO plugin v27.5 - https:\/\/yoast.com\/product\/yoast-seo-wordpress\/ -->\n<title>Fundaci\u00f3n Prodis lanza su nuevo v\u00eddeo corporativo<\/title>\n<meta name=\"description\" content=\"Prodis lanza su nuevo v\u00eddeo corporativo donde pone en valor la formaci\u00f3n y inclusi\u00f3n laboral de las personas con discapacidad intelectual.\" \/>\n<meta name=\"robots\" content=\"index, follow, max-snippet:-1, max-image-preview:large, max-video-preview:-1\" \/>\n<link rel=\"canonical\" href=\"https:\/\/fundacionprodis.org\/en\/la-fundacion-prodis-lanza-su-nuevo-video-corporativo-con-motivo-del-dia-internacional-de-la-discapacidad-el-3-de-diciembre\/\" \/>\n<meta property=\"og:locale\" content=\"en_US\" \/>\n<meta property=\"og:type\" content=\"article\" \/>\n<meta property=\"og:title\" content=\"Fundaci\u00f3n Prodis lanza su nuevo v\u00eddeo corporativo\" \/>\n<meta property=\"og:description\" content=\"Prodis lanza su nuevo v\u00eddeo corporativo donde pone en valor la formaci\u00f3n y inclusi\u00f3n laboral de las personas con discapacidad intelectual.\" \/>\n<meta property=\"og:url\" content=\"https:\/\/fundacionprodis.org\/en\/la-fundacion-prodis-lanza-su-nuevo-video-corporativo-con-motivo-del-dia-internacional-de-la-discapacidad-el-3-de-diciembre\/\" \/>\n<meta property=\"og:site_name\" content=\"Fundaci\u00f3n Prodis\" \/>\n<meta property=\"article:publisher\" content=\"https:\/\/www.facebook.com\/FundacionProdis\" \/>\n<meta property=\"article:published_time\" content=\"2023-12-01T12:11:59+00:00\" \/>\n<meta property=\"article:modified_time\" content=\"2024-02-07T09:38:54+00:00\" \/>\n<meta name=\"author\" content=\"Rebeca\" \/>\n<meta name=\"twitter:card\" content=\"summary_large_image\" \/>\n<meta name=\"twitter:creator\" content=\"@fundacionprodis\" \/>\n<meta name=\"twitter:site\" content=\"@fundacionprodis\" \/>\n<meta name=\"twitter:label1\" content=\"Written by\" \/>\n\t<meta name=\"twitter:data1\" content=\"Rebeca\" \/>\n\t<meta name=\"twitter:label2\" content=\"Est. reading time\" \/>\n\t<meta name=\"twitter:data2\" content=\"4 minutes\" \/>\n<script type=\"application\/ld+json\" class=\"yoast-schema-graph\">{\"@context\":\"https:\\\/\\\/schema.org\",\"@graph\":[{\"@type\":\"Article\",\"@id\":\"https:\\\/\\\/fundacionprodis.org\\\/en\\\/la-fundacion-prodis-lanza-su-nuevo-video-corporativo-con-motivo-del-dia-internacional-de-la-discapacidad-el-3-de-diciembre\\\/#article\",\"isPartOf\":{\"@id\":\"https:\\\/\\\/fundacionprodis.org\\\/en\\\/la-fundacion-prodis-lanza-su-nuevo-video-corporativo-con-motivo-del-dia-internacional-de-la-discapacidad-el-3-de-diciembre\\\/\"},\"author\":{\"name\":\"Rebeca\",\"@id\":\"https:\\\/\\\/fundacionprodis.org\\\/en\\\/#\\\/schema\\\/person\\\/f4b6b70a795b78b38746a6f6c8dea25a\"},\"headline\":\"La Fundaci\u00f3n Prodis lanza su nuevo video corporativo, con motivo del d\u00eda internacional de la discapacidad el 3 de diciembre\",\"datePublished\":\"2023-12-01T12:11:59+00:00\",\"dateModified\":\"2024-02-07T09:38:54+00:00\",\"mainEntityOfPage\":{\"@id\":\"https:\\\/\\\/fundacionprodis.org\\\/en\\\/la-fundacion-prodis-lanza-su-nuevo-video-corporativo-con-motivo-del-dia-internacional-de-la-discapacidad-el-3-de-diciembre\\\/\"},\"wordCount\":440,\"commentCount\":0,\"publisher\":{\"@id\":\"https:\\\/\\\/fundacionprodis.org\\\/en\\\/#organization\"},\"articleSection\":[\"Sin categorizar\"],\"inLanguage\":\"en-US\",\"potentialAction\":[{\"@type\":\"CommentAction\",\"name\":\"Comment\",\"target\":[\"https:\\\/\\\/fundacionprodis.org\\\/en\\\/la-fundacion-prodis-lanza-su-nuevo-video-corporativo-con-motivo-del-dia-internacional-de-la-discapacidad-el-3-de-diciembre\\\/#respond\"]}]},{\"@type\":\"WebPage\",\"@id\":\"https:\\\/\\\/fundacionprodis.org\\\/en\\\/la-fundacion-prodis-lanza-su-nuevo-video-corporativo-con-motivo-del-dia-internacional-de-la-discapacidad-el-3-de-diciembre\\\/\",\"url\":\"https:\\\/\\\/fundacionprodis.org\\\/en\\\/la-fundacion-prodis-lanza-su-nuevo-video-corporativo-con-motivo-del-dia-internacional-de-la-discapacidad-el-3-de-diciembre\\\/\",\"name\":\"Fundaci\u00f3n Prodis lanza su nuevo v\u00eddeo corporativo\",\"isPartOf\":{\"@id\":\"https:\\\/\\\/fundacionprodis.org\\\/en\\\/#website\"},\"datePublished\":\"2023-12-01T12:11:59+00:00\",\"dateModified\":\"2024-02-07T09:38:54+00:00\",\"description\":\"Prodis lanza su nuevo v\u00eddeo corporativo donde pone en valor la formaci\u00f3n y inclusi\u00f3n laboral de las personas con discapacidad intelectual.\",\"breadcrumb\":{\"@id\":\"https:\\\/\\\/fundacionprodis.org\\\/en\\\/la-fundacion-prodis-lanza-su-nuevo-video-corporativo-con-motivo-del-dia-internacional-de-la-discapacidad-el-3-de-diciembre\\\/#breadcrumb\"},\"inLanguage\":\"en-US\",\"potentialAction\":[{\"@type\":\"ReadAction\",\"target\":[\"https:\\\/\\\/fundacionprodis.org\\\/en\\\/la-fundacion-prodis-lanza-su-nuevo-video-corporativo-con-motivo-del-dia-internacional-de-la-discapacidad-el-3-de-diciembre\\\/\"]}]},{\"@type\":\"BreadcrumbList\",\"@id\":\"https:\\\/\\\/fundacionprodis.org\\\/en\\\/la-fundacion-prodis-lanza-su-nuevo-video-corporativo-con-motivo-del-dia-internacional-de-la-discapacidad-el-3-de-diciembre\\\/#breadcrumb\",\"itemListElement\":[{\"@type\":\"ListItem\",\"position\":1,\"name\":\"Portada\",\"item\":\"https:\\\/\\\/fundacionprodis.org\\\/en\\\/home\\\/\"},{\"@type\":\"ListItem\",\"position\":2,\"name\":\"La Fundaci\u00f3n Prodis lanza su nuevo video corporativo, con motivo del d\u00eda internacional de la discapacidad el 3 de diciembre\"}]},{\"@type\":\"WebSite\",\"@id\":\"https:\\\/\\\/fundacionprodis.org\\\/en\\\/#website\",\"url\":\"https:\\\/\\\/fundacionprodis.org\\\/en\\\/\",\"name\":\"Fundaci\u00f3n Prodis\",\"description\":\"\",\"publisher\":{\"@id\":\"https:\\\/\\\/fundacionprodis.org\\\/en\\\/#organization\"},\"potentialAction\":[{\"@type\":\"SearchAction\",\"target\":{\"@type\":\"EntryPoint\",\"urlTemplate\":\"https:\\\/\\\/fundacionprodis.org\\\/en\\\/?s={search_term_string}\"},\"query-input\":{\"@type\":\"PropertyValueSpecification\",\"valueRequired\":true,\"valueName\":\"search_term_string\"}}],\"inLanguage\":\"en-US\"},{\"@type\":\"Organization\",\"@id\":\"https:\\\/\\\/fundacionprodis.org\\\/en\\\/#organization\",\"name\":\"Fundaci\u00f3n Prodis\",\"url\":\"https:\\\/\\\/fundacionprodis.org\\\/en\\\/\",\"logo\":{\"@type\":\"ImageObject\",\"inLanguage\":\"en-US\",\"@id\":\"https:\\\/\\\/fundacionprodis.org\\\/en\\\/#\\\/schema\\\/logo\\\/image\\\/\",\"url\":\"https:\\\/\\\/fundacionprodis.org\\\/wp-content\\\/uploads\\\/2023\\\/05\\\/fundacion-prodis.svg\",\"contentUrl\":\"https:\\\/\\\/fundacionprodis.org\\\/wp-content\\\/uploads\\\/2023\\\/05\\\/fundacion-prodis.svg\",\"width\":76,\"height\":42,\"caption\":\"Fundaci\u00f3n Prodis\"},\"image\":{\"@id\":\"https:\\\/\\\/fundacionprodis.org\\\/en\\\/#\\\/schema\\\/logo\\\/image\\\/\"},\"sameAs\":[\"https:\\\/\\\/www.facebook.com\\\/FundacionProdis\",\"https:\\\/\\\/x.com\\\/fundacionprodis\",\"https:\\\/\\\/www.instagram.com\\\/prodisfundacion\\\/\",\"https:\\\/\\\/www.linkedin.com\\\/company\\\/11094786\\\/admin\\\/\",\"https:\\\/\\\/www.youtube.com\\\/@fundacionprodis\"]},{\"@type\":\"Person\",\"@id\":\"https:\\\/\\\/fundacionprodis.org\\\/en\\\/#\\\/schema\\\/person\\\/f4b6b70a795b78b38746a6f6c8dea25a\",\"name\":\"Rebeca\",\"url\":\"https:\\\/\\\/fundacionprodis.org\\\/en\\\/author\\\/rebeca\\\/\"}]}<\/script>\n<!-- \/ Yoast SEO plugin. -->","yoast_head_json":{"title":"Fundaci\u00f3n Prodis lanza su nuevo v\u00eddeo corporativo","description":"Prodis lanza su nuevo v\u00eddeo corporativo donde pone en valor la formaci\u00f3n y inclusi\u00f3n laboral de las personas con discapacidad intelectual.","robots":{"index":"index","follow":"follow","max-snippet":"max-snippet:-1","max-image-preview":"max-image-preview:large","max-video-preview":"max-video-preview:-1"},"canonical":"https:\/\/fundacionprodis.org\/en\/la-fundacion-prodis-lanza-su-nuevo-video-corporativo-con-motivo-del-dia-internacional-de-la-discapacidad-el-3-de-diciembre\/","og_locale":"en_US","og_type":"article","og_title":"Fundaci\u00f3n Prodis lanza su nuevo v\u00eddeo corporativo","og_description":"Prodis lanza su nuevo v\u00eddeo corporativo donde pone en valor la formaci\u00f3n y inclusi\u00f3n laboral de las personas con discapacidad intelectual.","og_url":"https:\/\/fundacionprodis.org\/en\/la-fundacion-prodis-lanza-su-nuevo-video-corporativo-con-motivo-del-dia-internacional-de-la-discapacidad-el-3-de-diciembre\/","og_site_name":"Fundaci\u00f3n Prodis","article_publisher":"https:\/\/www.facebook.com\/FundacionProdis","article_published_time":"2023-12-01T12:11:59+00:00","article_modified_time":"2024-02-07T09:38:54+00:00","author":"Rebeca","twitter_card":"summary_large_image","twitter_creator":"@fundacionprodis","twitter_site":"@fundacionprodis","twitter_misc":{"Written by":"Rebeca","Est. reading time":"4 minutes"},"schema":{"@context":"https:\/\/schema.org","@graph":[{"@type":"Article","@id":"https:\/\/fundacionprodis.org\/en\/la-fundacion-prodis-lanza-su-nuevo-video-corporativo-con-motivo-del-dia-internacional-de-la-discapacidad-el-3-de-diciembre\/#article","isPartOf":{"@id":"https:\/\/fundacionprodis.org\/en\/la-fundacion-prodis-lanza-su-nuevo-video-corporativo-con-motivo-del-dia-internacional-de-la-discapacidad-el-3-de-diciembre\/"},"author":{"name":"Rebeca","@id":"https:\/\/fundacionprodis.org\/en\/#\/schema\/person\/f4b6b70a795b78b38746a6f6c8dea25a"},"headline":"La Fundaci\u00f3n Prodis lanza su nuevo video corporativo, con motivo del d\u00eda internacional de la discapacidad el 3 de diciembre","datePublished":"2023-12-01T12:11:59+00:00","dateModified":"2024-02-07T09:38:54+00:00","mainEntityOfPage":{"@id":"https:\/\/fundacionprodis.org\/en\/la-fundacion-prodis-lanza-su-nuevo-video-corporativo-con-motivo-del-dia-internacional-de-la-discapacidad-el-3-de-diciembre\/"},"wordCount":440,"commentCount":0,"publisher":{"@id":"https:\/\/fundacionprodis.org\/en\/#organization"},"articleSection":["Sin categorizar"],"inLanguage":"en-US","potentialAction":[{"@type":"CommentAction","name":"Comment","target":["https:\/\/fundacionprodis.org\/en\/la-fundacion-prodis-lanza-su-nuevo-video-corporativo-con-motivo-del-dia-internacional-de-la-discapacidad-el-3-de-diciembre\/#respond"]}]},{"@type":"WebPage","@id":"https:\/\/fundacionprodis.org\/en\/la-fundacion-prodis-lanza-su-nuevo-video-corporativo-con-motivo-del-dia-internacional-de-la-discapacidad-el-3-de-diciembre\/","url":"https:\/\/fundacionprodis.org\/en\/la-fundacion-prodis-lanza-su-nuevo-video-corporativo-con-motivo-del-dia-internacional-de-la-discapacidad-el-3-de-diciembre\/","name":"Fundaci\u00f3n Prodis lanza su nuevo v\u00eddeo corporativo","isPartOf":{"@id":"https:\/\/fundacionprodis.org\/en\/#website"},"datePublished":"2023-12-01T12:11:59+00:00","dateModified":"2024-02-07T09:38:54+00:00","description":"Prodis lanza su nuevo v\u00eddeo corporativo donde pone en valor la formaci\u00f3n y inclusi\u00f3n laboral de las personas con discapacidad intelectual.","breadcrumb":{"@id":"https:\/\/fundacionprodis.org\/en\/la-fundacion-prodis-lanza-su-nuevo-video-corporativo-con-motivo-del-dia-internacional-de-la-discapacidad-el-3-de-diciembre\/#breadcrumb"},"inLanguage":"en-US","potentialAction":[{"@type":"ReadAction","target":["https:\/\/fundacionprodis.org\/en\/la-fundacion-prodis-lanza-su-nuevo-video-corporativo-con-motivo-del-dia-internacional-de-la-discapacidad-el-3-de-diciembre\/"]}]},{"@type":"BreadcrumbList","@id":"https:\/\/fundacionprodis.org\/en\/la-fundacion-prodis-lanza-su-nuevo-video-corporativo-con-motivo-del-dia-internacional-de-la-discapacidad-el-3-de-diciembre\/#breadcrumb","itemListElement":[{"@type":"ListItem","position":1,"name":"Portada","item":"https:\/\/fundacionprodis.org\/en\/home\/"},{"@type":"ListItem","position":2,"name":"La Fundaci\u00f3n Prodis lanza su nuevo video corporativo, con motivo del d\u00eda internacional de la discapacidad el 3 de diciembre"}]},{"@type":"WebSite","@id":"https:\/\/fundacionprodis.org\/en\/#website","url":"https:\/\/fundacionprodis.org\/en\/","name":"Fundaci\u00f3n Prodis","description":"","publisher":{"@id":"https:\/\/fundacionprodis.org\/en\/#organization"},"potentialAction":[{"@type":"SearchAction","target":{"@type":"EntryPoint","urlTemplate":"https:\/\/fundacionprodis.org\/en\/?s={search_term_string}"},"query-input":{"@type":"PropertyValueSpecification","valueRequired":true,"valueName":"search_term_string"}}],"inLanguage":"en-US"},{"@type":"Organization","@id":"https:\/\/fundacionprodis.org\/en\/#organization","name":"Fundaci\u00f3n Prodis","url":"https:\/\/fundacionprodis.org\/en\/","logo":{"@type":"ImageObject","inLanguage":"en-US","@id":"https:\/\/fundacionprodis.org\/en\/#\/schema\/logo\/image\/","url":"https:\/\/fundacionprodis.org\/wp-content\/uploads\/2023\/05\/fundacion-prodis.svg","contentUrl":"https:\/\/fundacionprodis.org\/wp-content\/uploads\/2023\/05\/fundacion-prodis.svg","width":76,"height":42,"caption":"Fundaci\u00f3n Prodis"},"image":{"@id":"https:\/\/fundacionprodis.org\/en\/#\/schema\/logo\/image\/"},"sameAs":["https:\/\/www.facebook.com\/FundacionProdis","https:\/\/x.com\/fundacionprodis","https:\/\/www.instagram.com\/prodisfundacion\/","https:\/\/www.linkedin.com\/company\/11094786\/admin\/","https:\/\/www.youtube.com\/@fundacionprodis"]},{"@type":"Person","@id":"https:\/\/fundacionprodis.org\/en\/#\/schema\/person\/f4b6b70a795b78b38746a6f6c8dea25a","name":"Rebeca","url":"https:\/\/fundacionprodis.org\/en\/author\/rebeca\/"}]}},"_links":{"self":[{"href":"https:\/\/fundacionprodis.org\/en\/wp-json\/wp\/v2\/posts\/15992","targetHints":{"allow":["GET"]}}],"collection":[{"href":"https:\/\/fundacionprodis.org\/en\/wp-json\/wp\/v2\/posts"}],"about":[{"href":"https:\/\/fundacionprodis.org\/en\/wp-json\/wp\/v2\/types\/post"}],"author":[{"embeddable":true,"href":"https:\/\/fundacionprodis.org\/en\/wp-json\/wp\/v2\/users\/6"}],"replies":[{"embeddable":true,"href":"https:\/\/fundacionprodis.org\/en\/wp-json\/wp\/v2\/comments?post=15992"}],"version-history":[{"count":9,"href":"https:\/\/fundacionprodis.org\/en\/wp-json\/wp\/v2\/posts\/15992\/revisions"}],"predecessor-version":[{"id":17197,"href":"https:\/\/fundacionprodis.org\/en\/wp-json\/wp\/v2\/posts\/15992\/revisions\/17197"}],"wp:attachment":[{"href":"https:\/\/fundacionprodis.org\/en\/wp-json\/wp\/v2\/media?parent=15992"}],"wp:term":[{"taxonomy":"category","embeddable":true,"href":"https:\/\/fundacionprodis.org\/en\/wp-json\/wp\/v2\/categories?post=15992"},{"taxonomy":"post_tag","embeddable":true,"href":"https:\/\/fundacionprodis.org\/en\/wp-json\/wp\/v2\/tags?post=15992"}],"curies":[{"name":"wp","href":"https:\/\/api.w.org\/{rel}","templated":true}]}}