{"id":865,"date":"2023-04-25T14:21:38","date_gmt":"2023-04-25T14:21:38","guid":{"rendered":"https:\/\/fundacionprodis.org\/?p=865"},"modified":"2023-05-25T11:10:15","modified_gmt":"2023-05-25T11:10:15","slug":"la-fundacion-prodis-entre-las-elegidas-como-destinataria-de-la-subvencion-para-el-apoyo-a-la-modernizacion-de-las-entidades-del-tercer-sector","status":"publish","type":"post","link":"https:\/\/fundacionprodis.org\/en\/la-fundacion-prodis-entre-las-elegidas-como-destinataria-de-la-subvencion-para-el-apoyo-a-la-modernizacion-de-las-entidades-del-tercer-sector\/","title":{"rendered":"La Fundaci\u00f3n Prodis entre las elegidas como destinataria de la subvenci\u00f3n para el Apoyo a la Modernizaci\u00f3n de las entidades del Tercer Sector."},"content":{"rendered":"","protected":false},"excerpt":{"rendered":"","protected":false},"author":1,"featured_media":0,"comment_status":"open","ping_status":"open","sticky":false,"template":"","format":"standard","meta":{"_acf_changed":false,"inline_featured_image":false,"footnotes":""},"categories":[1],"tags":[],"class_list":["post-865","post","type-post","status-publish","format-standard","hentry","category-sin-categorizar"],"acf":[],"yoast_head":"<!-- This site is optimized with the Yoast SEO plugin v27.5 - https:\/\/yoast.com\/product\/yoast-seo-wordpress\/ -->\n<title>La Fundaci\u00f3n Prodis entre las elegidas como destinataria de la subvenci\u00f3n para el Apoyo a la Modernizaci\u00f3n de las entidades del Tercer Sector. - Fundaci\u00f3n Prodis<\/title>\n<meta name=\"robots\" content=\"index, follow, max-snippet:-1, max-image-preview:large, max-video-preview:-1\" \/>\n<link rel=\"canonical\" href=\"https:\/\/fundacionprodis.org\/en\/la-fundacion-prodis-entre-las-elegidas-como-destinataria-de-la-subvencion-para-el-apoyo-a-la-modernizacion-de-las-entidades-del-tercer-sector\/\" \/>\n<meta property=\"og:locale\" content=\"en_US\" \/>\n<meta property=\"og:type\" content=\"article\" \/>\n<meta property=\"og:title\" content=\"La Fundaci\u00f3n Prodis entre las elegidas como destinataria de la subvenci\u00f3n para el Apoyo a la Modernizaci\u00f3n de las entidades del Tercer Sector. - Fundaci\u00f3n Prodis\" \/>\n<meta property=\"og:url\" content=\"https:\/\/fundacionprodis.org\/en\/la-fundacion-prodis-entre-las-elegidas-como-destinataria-de-la-subvencion-para-el-apoyo-a-la-modernizacion-de-las-entidades-del-tercer-sector\/\" \/>\n<meta property=\"og:site_name\" content=\"Fundaci\u00f3n Prodis\" \/>\n<meta property=\"article:publisher\" content=\"https:\/\/www.facebook.com\/FundacionProdis\" \/>\n<meta property=\"article:published_time\" content=\"2023-04-25T14:21:38+00:00\" \/>\n<meta property=\"article:modified_time\" content=\"2023-05-25T11:10:15+00:00\" \/>\n<meta name=\"author\" content=\"admin_prodis\" \/>\n<meta name=\"twitter:card\" content=\"summary_large_image\" \/>\n<meta name=\"twitter:creator\" content=\"@fundacionprodis\" \/>\n<meta name=\"twitter:site\" content=\"@fundacionprodis\" \/>\n<meta name=\"twitter:label1\" content=\"Written by\" \/>\n\t<meta name=\"twitter:data1\" content=\"admin_prodis\" \/>\n<script type=\"application\/ld+json\" class=\"yoast-schema-graph\">{\"@context\":\"https:\\\/\\\/schema.org\",\"@graph\":[{\"@type\":\"Article\",\"@id\":\"https:\\\/\\\/fundacionprodis.org\\\/en\\\/la-fundacion-prodis-entre-las-elegidas-como-destinataria-de-la-subvencion-para-el-apoyo-a-la-modernizacion-de-las-entidades-del-tercer-sector\\\/#article\",\"isPartOf\":{\"@id\":\"https:\\\/\\\/fundacionprodis.org\\\/en\\\/la-fundacion-prodis-entre-las-elegidas-como-destinataria-de-la-subvencion-para-el-apoyo-a-la-modernizacion-de-las-entidades-del-tercer-sector\\\/\"},\"author\":{\"name\":\"admin_prodis\",\"@id\":\"https:\\\/\\\/fundacionprodis.org\\\/en\\\/#\\\/schema\\\/person\\\/599867c3b37bffe702c25d83d3cee3b6\"},\"headline\":\"La Fundaci\u00f3n Prodis entre las elegidas como destinataria de la subvenci\u00f3n para el Apoyo a la Modernizaci\u00f3n de las entidades del Tercer Sector.\",\"datePublished\":\"2023-04-25T14:21:38+00:00\",\"dateModified\":\"2023-05-25T11:10:15+00:00\",\"mainEntityOfPage\":{\"@id\":\"https:\\\/\\\/fundacionprodis.org\\\/en\\\/la-fundacion-prodis-entre-las-elegidas-como-destinataria-de-la-subvencion-para-el-apoyo-a-la-modernizacion-de-las-entidades-del-tercer-sector\\\/\"},\"wordCount\":26,\"commentCount\":0,\"publisher\":{\"@id\":\"https:\\\/\\\/fundacionprodis.org\\\/en\\\/#organization\"},\"articleSection\":[\"Sin categorizar\"],\"inLanguage\":\"en-US\",\"potentialAction\":[{\"@type\":\"CommentAction\",\"name\":\"Comment\",\"target\":[\"https:\\\/\\\/fundacionprodis.org\\\/en\\\/la-fundacion-prodis-entre-las-elegidas-como-destinataria-de-la-subvencion-para-el-apoyo-a-la-modernizacion-de-las-entidades-del-tercer-sector\\\/#respond\"]}]},{\"@type\":\"WebPage\",\"@id\":\"https:\\\/\\\/fundacionprodis.org\\\/en\\\/la-fundacion-prodis-entre-las-elegidas-como-destinataria-de-la-subvencion-para-el-apoyo-a-la-modernizacion-de-las-entidades-del-tercer-sector\\\/\",\"url\":\"https:\\\/\\\/fundacionprodis.org\\\/en\\\/la-fundacion-prodis-entre-las-elegidas-como-destinataria-de-la-subvencion-para-el-apoyo-a-la-modernizacion-de-las-entidades-del-tercer-sector\\\/\",\"name\":\"La Fundaci\u00f3n Prodis entre las elegidas como destinataria de la subvenci\u00f3n para el Apoyo a la Modernizaci\u00f3n de las entidades del Tercer Sector. - Fundaci\u00f3n Prodis\",\"isPartOf\":{\"@id\":\"https:\\\/\\\/fundacionprodis.org\\\/en\\\/#website\"},\"datePublished\":\"2023-04-25T14:21:38+00:00\",\"dateModified\":\"2023-05-25T11:10:15+00:00\",\"breadcrumb\":{\"@id\":\"https:\\\/\\\/fundacionprodis.org\\\/en\\\/la-fundacion-prodis-entre-las-elegidas-como-destinataria-de-la-subvencion-para-el-apoyo-a-la-modernizacion-de-las-entidades-del-tercer-sector\\\/#breadcrumb\"},\"inLanguage\":\"en-US\",\"potentialAction\":[{\"@type\":\"ReadAction\",\"target\":[\"https:\\\/\\\/fundacionprodis.org\\\/en\\\/la-fundacion-prodis-entre-las-elegidas-como-destinataria-de-la-subvencion-para-el-apoyo-a-la-modernizacion-de-las-entidades-del-tercer-sector\\\/\"]}]},{\"@type\":\"BreadcrumbList\",\"@id\":\"https:\\\/\\\/fundacionprodis.org\\\/en\\\/la-fundacion-prodis-entre-las-elegidas-como-destinataria-de-la-subvencion-para-el-apoyo-a-la-modernizacion-de-las-entidades-del-tercer-sector\\\/#breadcrumb\",\"itemListElement\":[{\"@type\":\"ListItem\",\"position\":1,\"name\":\"Portada\",\"item\":\"https:\\\/\\\/fundacionprodis.org\\\/en\\\/home\\\/\"},{\"@type\":\"ListItem\",\"position\":2,\"name\":\"La Fundaci\u00f3n Prodis entre las elegidas como destinataria de la subvenci\u00f3n para el Apoyo a la Modernizaci\u00f3n de las entidades del Tercer Sector.\"}]},{\"@type\":\"WebSite\",\"@id\":\"https:\\\/\\\/fundacionprodis.org\\\/en\\\/#website\",\"url\":\"https:\\\/\\\/fundacionprodis.org\\\/en\\\/\",\"name\":\"Fundaci\u00f3n Prodis\",\"description\":\"\",\"publisher\":{\"@id\":\"https:\\\/\\\/fundacionprodis.org\\\/en\\\/#organization\"},\"potentialAction\":[{\"@type\":\"SearchAction\",\"target\":{\"@type\":\"EntryPoint\",\"urlTemplate\":\"https:\\\/\\\/fundacionprodis.org\\\/en\\\/?s={search_term_string}\"},\"query-input\":{\"@type\":\"PropertyValueSpecification\",\"valueRequired\":true,\"valueName\":\"search_term_string\"}}],\"inLanguage\":\"en-US\"},{\"@type\":\"Organization\",\"@id\":\"https:\\\/\\\/fundacionprodis.org\\\/en\\\/#organization\",\"name\":\"Fundaci\u00f3n Prodis\",\"url\":\"https:\\\/\\\/fundacionprodis.org\\\/en\\\/\",\"logo\":{\"@type\":\"ImageObject\",\"inLanguage\":\"en-US\",\"@id\":\"https:\\\/\\\/fundacionprodis.org\\\/en\\\/#\\\/schema\\\/logo\\\/image\\\/\",\"url\":\"https:\\\/\\\/fundacionprodis.org\\\/wp-content\\\/uploads\\\/2023\\\/05\\\/fundacion-prodis.svg\",\"contentUrl\":\"https:\\\/\\\/fundacionprodis.org\\\/wp-content\\\/uploads\\\/2023\\\/05\\\/fundacion-prodis.svg\",\"width\":76,\"height\":42,\"caption\":\"Fundaci\u00f3n Prodis\"},\"image\":{\"@id\":\"https:\\\/\\\/fundacionprodis.org\\\/en\\\/#\\\/schema\\\/logo\\\/image\\\/\"},\"sameAs\":[\"https:\\\/\\\/www.facebook.com\\\/FundacionProdis\",\"https:\\\/\\\/x.com\\\/fundacionprodis\",\"https:\\\/\\\/www.instagram.com\\\/prodisfundacion\\\/\",\"https:\\\/\\\/www.linkedin.com\\\/company\\\/11094786\\\/admin\\\/\",\"https:\\\/\\\/www.youtube.com\\\/@fundacionprodis\"]},{\"@type\":\"Person\",\"@id\":\"https:\\\/\\\/fundacionprodis.org\\\/en\\\/#\\\/schema\\\/person\\\/599867c3b37bffe702c25d83d3cee3b6\",\"name\":\"admin_prodis\",\"sameAs\":[\"https:\\\/\\\/fundacionprodis.org\"],\"url\":\"https:\\\/\\\/fundacionprodis.org\\\/en\\\/author\\\/admin_prodis\\\/\"}]}<\/script>\n<!-- \/ Yoast SEO plugin. -->","yoast_head_json":{"title":"La Fundaci\u00f3n Prodis entre las elegidas como destinataria de la subvenci\u00f3n para el Apoyo a la Modernizaci\u00f3n de las entidades del Tercer Sector. - Fundaci\u00f3n Prodis","robots":{"index":"index","follow":"follow","max-snippet":"max-snippet:-1","max-image-preview":"max-image-preview:large","max-video-preview":"max-video-preview:-1"},"canonical":"https:\/\/fundacionprodis.org\/en\/la-fundacion-prodis-entre-las-elegidas-como-destinataria-de-la-subvencion-para-el-apoyo-a-la-modernizacion-de-las-entidades-del-tercer-sector\/","og_locale":"en_US","og_type":"article","og_title":"La Fundaci\u00f3n Prodis entre las elegidas como destinataria de la subvenci\u00f3n para el Apoyo a la Modernizaci\u00f3n de las entidades del Tercer Sector. - Fundaci\u00f3n Prodis","og_url":"https:\/\/fundacionprodis.org\/en\/la-fundacion-prodis-entre-las-elegidas-como-destinataria-de-la-subvencion-para-el-apoyo-a-la-modernizacion-de-las-entidades-del-tercer-sector\/","og_site_name":"Fundaci\u00f3n Prodis","article_publisher":"https:\/\/www.facebook.com\/FundacionProdis","article_published_time":"2023-04-25T14:21:38+00:00","article_modified_time":"2023-05-25T11:10:15+00:00","author":"admin_prodis","twitter_card":"summary_large_image","twitter_creator":"@fundacionprodis","twitter_site":"@fundacionprodis","twitter_misc":{"Written by":"admin_prodis"},"schema":{"@context":"https:\/\/schema.org","@graph":[{"@type":"Article","@id":"https:\/\/fundacionprodis.org\/en\/la-fundacion-prodis-entre-las-elegidas-como-destinataria-de-la-subvencion-para-el-apoyo-a-la-modernizacion-de-las-entidades-del-tercer-sector\/#article","isPartOf":{"@id":"https:\/\/fundacionprodis.org\/en\/la-fundacion-prodis-entre-las-elegidas-como-destinataria-de-la-subvencion-para-el-apoyo-a-la-modernizacion-de-las-entidades-del-tercer-sector\/"},"author":{"name":"admin_prodis","@id":"https:\/\/fundacionprodis.org\/en\/#\/schema\/person\/599867c3b37bffe702c25d83d3cee3b6"},"headline":"La Fundaci\u00f3n Prodis entre las elegidas como destinataria de la subvenci\u00f3n para el Apoyo a la Modernizaci\u00f3n de las entidades del Tercer Sector.","datePublished":"2023-04-25T14:21:38+00:00","dateModified":"2023-05-25T11:10:15+00:00","mainEntityOfPage":{"@id":"https:\/\/fundacionprodis.org\/en\/la-fundacion-prodis-entre-las-elegidas-como-destinataria-de-la-subvencion-para-el-apoyo-a-la-modernizacion-de-las-entidades-del-tercer-sector\/"},"wordCount":26,"commentCount":0,"publisher":{"@id":"https:\/\/fundacionprodis.org\/en\/#organization"},"articleSection":["Sin categorizar"],"inLanguage":"en-US","potentialAction":[{"@type":"CommentAction","name":"Comment","target":["https:\/\/fundacionprodis.org\/en\/la-fundacion-prodis-entre-las-elegidas-como-destinataria-de-la-subvencion-para-el-apoyo-a-la-modernizacion-de-las-entidades-del-tercer-sector\/#respond"]}]},{"@type":"WebPage","@id":"https:\/\/fundacionprodis.org\/en\/la-fundacion-prodis-entre-las-elegidas-como-destinataria-de-la-subvencion-para-el-apoyo-a-la-modernizacion-de-las-entidades-del-tercer-sector\/","url":"https:\/\/fundacionprodis.org\/en\/la-fundacion-prodis-entre-las-elegidas-como-destinataria-de-la-subvencion-para-el-apoyo-a-la-modernizacion-de-las-entidades-del-tercer-sector\/","name":"La Fundaci\u00f3n Prodis entre las elegidas como destinataria de la subvenci\u00f3n para el Apoyo a la Modernizaci\u00f3n de las entidades del Tercer Sector. - Fundaci\u00f3n Prodis","isPartOf":{"@id":"https:\/\/fundacionprodis.org\/en\/#website"},"datePublished":"2023-04-25T14:21:38+00:00","dateModified":"2023-05-25T11:10:15+00:00","breadcrumb":{"@id":"https:\/\/fundacionprodis.org\/en\/la-fundacion-prodis-entre-las-elegidas-como-destinataria-de-la-subvencion-para-el-apoyo-a-la-modernizacion-de-las-entidades-del-tercer-sector\/#breadcrumb"},"inLanguage":"en-US","potentialAction":[{"@type":"ReadAction","target":["https:\/\/fundacionprodis.org\/en\/la-fundacion-prodis-entre-las-elegidas-como-destinataria-de-la-subvencion-para-el-apoyo-a-la-modernizacion-de-las-entidades-del-tercer-sector\/"]}]},{"@type":"BreadcrumbList","@id":"https:\/\/fundacionprodis.org\/en\/la-fundacion-prodis-entre-las-elegidas-como-destinataria-de-la-subvencion-para-el-apoyo-a-la-modernizacion-de-las-entidades-del-tercer-sector\/#breadcrumb","itemListElement":[{"@type":"ListItem","position":1,"name":"Portada","item":"https:\/\/fundacionprodis.org\/en\/home\/"},{"@type":"ListItem","position":2,"name":"La Fundaci\u00f3n Prodis entre las elegidas como destinataria de la subvenci\u00f3n para el Apoyo a la Modernizaci\u00f3n de las entidades del Tercer Sector."}]},{"@type":"WebSite","@id":"https:\/\/fundacionprodis.org\/en\/#website","url":"https:\/\/fundacionprodis.org\/en\/","name":"Fundaci\u00f3n Prodis","description":"","publisher":{"@id":"https:\/\/fundacionprodis.org\/en\/#organization"},"potentialAction":[{"@type":"SearchAction","target":{"@type":"EntryPoint","urlTemplate":"https:\/\/fundacionprodis.org\/en\/?s={search_term_string}"},"query-input":{"@type":"PropertyValueSpecification","valueRequired":true,"valueName":"search_term_string"}}],"inLanguage":"en-US"},{"@type":"Organization","@id":"https:\/\/fundacionprodis.org\/en\/#organization","name":"Fundaci\u00f3n Prodis","url":"https:\/\/fundacionprodis.org\/en\/","logo":{"@type":"ImageObject","inLanguage":"en-US","@id":"https:\/\/fundacionprodis.org\/en\/#\/schema\/logo\/image\/","url":"https:\/\/fundacionprodis.org\/wp-content\/uploads\/2023\/05\/fundacion-prodis.svg","contentUrl":"https:\/\/fundacionprodis.org\/wp-content\/uploads\/2023\/05\/fundacion-prodis.svg","width":76,"height":42,"caption":"Fundaci\u00f3n Prodis"},"image":{"@id":"https:\/\/fundacionprodis.org\/en\/#\/schema\/logo\/image\/"},"sameAs":["https:\/\/www.facebook.com\/FundacionProdis","https:\/\/x.com\/fundacionprodis","https:\/\/www.instagram.com\/prodisfundacion\/","https:\/\/www.linkedin.com\/company\/11094786\/admin\/","https:\/\/www.youtube.com\/@fundacionprodis"]},{"@type":"Person","@id":"https:\/\/fundacionprodis.org\/en\/#\/schema\/person\/599867c3b37bffe702c25d83d3cee3b6","name":"admin_prodis","sameAs":["https:\/\/fundacionprodis.org"],"url":"https:\/\/fundacionprodis.org\/en\/author\/admin_prodis\/"}]}},"_links":{"self":[{"href":"https:\/\/fundacionprodis.org\/en\/wp-json\/wp\/v2\/posts\/865","targetHints":{"allow":["GET"]}}],"collection":[{"href":"https:\/\/fundacionprodis.org\/en\/wp-json\/wp\/v2\/posts"}],"about":[{"href":"https:\/\/fundacionprodis.org\/en\/wp-json\/wp\/v2\/types\/post"}],"author":[{"embeddable":true,"href":"https:\/\/fundacionprodis.org\/en\/wp-json\/wp\/v2\/users\/1"}],"replies":[{"embeddable":true,"href":"https:\/\/fundacionprodis.org\/en\/wp-json\/wp\/v2\/comments?post=865"}],"version-history":[{"count":3,"href":"https:\/\/fundacionprodis.org\/en\/wp-json\/wp\/v2\/posts\/865\/revisions"}],"predecessor-version":[{"id":1319,"href":"https:\/\/fundacionprodis.org\/en\/wp-json\/wp\/v2\/posts\/865\/revisions\/1319"}],"wp:attachment":[{"href":"https:\/\/fundacionprodis.org\/en\/wp-json\/wp\/v2\/media?parent=865"}],"wp:term":[{"taxonomy":"category","embeddable":true,"href":"https:\/\/fundacionprodis.org\/en\/wp-json\/wp\/v2\/categories?post=865"},{"taxonomy":"post_tag","embeddable":true,"href":"https:\/\/fundacionprodis.org\/en\/wp-json\/wp\/v2\/tags?post=865"}],"curies":[{"name":"wp","href":"https:\/\/api.w.org\/{rel}","templated":true}]}}